{"id":237446,"date":"2019-10-28T16:07:40","date_gmt":"2019-10-28T14:07:40","guid":{"rendered":"https:\/\/beecare.ch\/?p=237446"},"modified":"2023-05-08T16:00:22","modified_gmt":"2023-05-08T14:00:22","slug":"senile-depression-und-wie-man-damit-umgeht","status":"publish","type":"post","link":"https:\/\/beecare.ch\/de\/news\/senile-depression-und-wie-man-damit-umgeht\/","title":{"rendered":"Senile Depression und wie man damit umgeht"},"content":{"rendered":"<p>Die <strong>senile Depression<\/strong> beginnt manchmal still und heimt\u00fcckisch, man k\u00f6nnte fast sagen hinterh\u00e4ltig, und kann mit einfachen Alterserscheinungen verwechselt werden. In anderen F\u00e4llen ist sie von Anfang an eindeutiger und an eindeutigen Symptomen wie chronischer Traurigkeit und Verlust von Lebenssinn und Lebenslust zu erkennen.<\/p>\n<p>Die <strong>senile Depression<\/strong> ist ein sehr heikles Thema f\u00fcr die Angeh\u00f6rigen und das Pflegepersonal \u2013 die Menschen, die sich tagt\u00e4glich um die kranke Person k\u00fcmmern und versuchen, den richtigen Weg zu finden, um mit den unvorhersehbaren Stimmungsschwankungen richtig umzugehen.<\/p>\n<p>Um zu verstehen, wie man sich am besten mit den Angeh\u00f6rigen verhalten sollte, die an seniler Depression leiden, haben wir mit <strong>Dr. med. Franco Tanzi, Arzt und Geriater der Klinik Moncucco in Lugano, gesprochen.<\/strong><\/p>\n<h2>Die Symptome seniler Depression<\/h2>\n<p>Um diese Pathologie so fr\u00fch wie m\u00f6glich zu erkennen, m\u00fcssen die Familienangeh\u00f6rigen unbedingt zusammenarbeiten: Vor allem sie sind in der Lage, die Alarmsignale zu erkennen, die eine fr\u00fchzeitige Diagnose erm\u00f6glichen.<\/p>\n<p>\u201e<em>Depressionen sind bei \u00e4lteren Menschen oft abgeschw\u00e4chter und verborgener als bei j\u00fcngeren Erwachsenen und k\u00f6nnen aus diesem Grund leicht mit altersbedingter Verlangsamung der kognitiven F\u00e4higkeiten und schwindendem Interesse, bis hin zur Abl\u00f6sung vom Umfeld, verwechselt werden. Oft geht senile Depression nur mit somatischen St\u00f6rungen wie Appetitverlust, allgemeiner Lustlosigkeit und Vernachl\u00e4ssigung des gesellschaftlichen Umfelds, des Haushalts und von sich selbst einher. Au\u00dferdem kann sie mit einem physiologischen R\u00fcckgang der kognitiven F\u00e4higkeiten verwechselt werden<\/em>\u201c, erl\u00e4utert Dr. med. Franco Tanzi.<\/p>\n<h2>Was geschieht genau?<\/h2>\n<p>Beispielsweise ziehen sich \u00e4ltere Menschen zur\u00fcck, auch vor Enkelkindern und Familienangeh\u00f6rigen, und gehen nicht mehr aus dem Haus, um an kulturellen Aktivit\u00e4ten oder Freizeitbesch\u00e4ftigungen teilzunehmen, vernachl\u00e4ssigen sich selbst und die sozialen Beziehungen wie zum Beispiel das Kartenspiel mit Freunden.<\/p>\n<h2>Leitfaden f\u00fcr den Umgang mit seniler Depression<\/h2>\n<p>Lustlosigkeit, hinter der sich senile Depression verbergen kann, darf sicher nicht untersch\u00e4tzt werden. Emotionale Schwierigkeiten von \u00e4lteren Menschen sollten jedoch nicht sofort als \u201e<strong>Depression<\/strong>\u201c abgestempelt werden, da sie m\u00f6glicherweise auch auf andere Ursachen zur\u00fcckzuf\u00fchren sind.<\/p>\n<p><strong>Dr. Tanzi<\/strong>: \u201e<em>Bevor einer Person, die noch nie an Depressionen gelitten hat, eine Depression diagnostiziert wird, m\u00fcssen organische Probleme wie beispielsweise chronische Schmerzen, Schlafst\u00f6rungen, Infektionskrankheiten, Stoffwechselst\u00f6rungen oder ein Tumor ausgeschlossen werden. Eine effiziente Anamnese, d.h. eine gute Aufarbeitung der Krankengeschichte, des Patienten ist sehr wichtig. Dabei muss der behandelnde Arzt mit der betroffenen Person und vor allem mit den Familienangeh\u00f6rigen sprechen, um zu verstehen, wie die Depression entstanden ist. Nach einer klinischen Untersuchung muss festgestellt werden, ob somatische Pathologien, d.h. k\u00f6rperliche Krankheiten, vorliegen, die sich bei \u00e4lteren Menschen in Form von Isolation, Abulie, Apathie usw. zeigen k\u00f6nnen. Chronische Krankheiten entstehen oft langsam, und Depressionen k\u00f6nnen eine Folge davon sein.<\/em>\u201c<\/p>\n<p>Der Arzt hat die Aufgabe, alle dies zu unterscheiden, um die passende Behandlung f\u00fcr den Patienten zu finden. Die Familienangeh\u00f6rigen dagegen m\u00fcssen sich des Problems bewusst werden, um nach Vorgaben des Arztes mit der Krankheit umgehen zu k\u00f6nnen.<\/p>\n<p>\u201e<em>Bei einer Depression handelt es sich nicht um etwas, das der Patient entscheidet. Unbedingt zu vermeiden ist es, dem oder der Betroffenen \u201eauf die Schulter zu klopfen\u201c, als wenn der Wille gen\u00fcge, um wieder auf die Beine zu kommen. Die prim\u00e4re oder sekund\u00e4re Depression (die der Ausdruck einer anderen Erkrankung ist), ist eine Pathologie, die erkannt und behandelt werden muss. Dar\u00fcber hinaus sind auch alle ge\u00e4u\u00dferten Selbstmordabsichten ernst zu nehmen, auch wenn sie nicht in die Tat umgesetzt werden. Solche Absichten m\u00fcssen dem behandelnden Arzt so schnell wie m\u00f6glich mitgeteilt werden.<\/em>\u201c<\/p>\n<h2>Unterschied zwischen seniler Depression und seniler Demenz<\/h2>\n<p>Die Symptome sind h\u00e4ufig \u00e4hnlich, die Behandlung und die Heilungsm\u00f6glichkeiten jedoch sehr unterschiedlich, <strong>wie Dr. Franco Tanzi erl\u00e4utert.<\/strong><\/p>\n<blockquote><p><em>\u201eOft beginnen die beiden Krankheiten mit den gleichen Symptomen: Isolation von anderen und Desinteresse gegen\u00fcber allem. Die beginnende senile Demenz oder der R\u00fcckgang der kognitiven F\u00e4higkeiten zeigen sich im Allgemeinen, wenn die betroffene Person nicht mehr die Kontrolle \u00fcber ihr Umfeld hat, wenn sie nicht mehr in der Lage ist, die zur Verf\u00fcgung stehenden Ger\u00e4te zu verwenden, wenn sie sich nicht mehr an die Einzelheiten eines Vorgangs (wie beispielsweise das W\u00e4hlen einer Telefonnummer oder die Bet\u00e4tigung eines Haushaltsger\u00e4ts) erinnert und sich aus diesem Grund zur\u00fcckzieht.<\/em><\/p>\n<p>&nbsp;<\/p>\n<p><em>Aus diesem Grund kann die Demenz mit einer Form der Depression einhergehen und es ist die Aufgabe des Arztes, zwischen beiden zu unterscheiden. Die Behandlung von Demenz ist sehr schwierig: Von einer Depression erholen sich die Patienten normalerweise (auch von einer Depression, die einen R\u00fcckgang der geistigen F\u00e4higkeiten begleitet), w\u00e4hrend Demenz oft lediglich verlangsamt werden kann.\u201c<\/em><\/p><\/blockquote>\n<h2>Vorbeugung von seniler Depression und seniler Demenz<\/h2>\n<p>Vor Demenz kann man sich mit einem entsprechenden Lebensstil sch\u00fctzen, wie Dr. Tanzi erkl\u00e4rt:<\/p>\n<p><strong>Alles, was dem Herz-Kreislauf-System gut tut, tut auch dem Gehirn gut.<\/strong><\/p>\n<p>Wichtig ist es daher, ein aktives Leben mit Hobbies und Interessen, einem Freundes- und Bekanntenkreis, k\u00f6rperlicher Aktivit\u00e4t und nicht zuletzt einer guten und ausreichenden Ern\u00e4hrung zu f\u00fchren und Zigaretten zu vermeiden und m\u00f6glichst wenig Alkohol zu trinken.<\/p>\n<p>Einer Depression wird auch vorgebeugt, indem m\u00f6gliche Ausl\u00f6ser erkannt und geplant werden. Ein Beispiel hierf\u00fcr ist ein Umzug (ein sehr heikler Aspekt bei \u00e4lteren Menschen) oder die Einweisung in ein Seniorenheim.<\/p>\n<p>In letzterem Fall kann eine gut organisierte h\u00e4usliche Altenpflege vielleicht die Einweisung in ein Altenheim nicht komplett verhindern, jedoch zumindest aufschieben.<\/p>\n<h2>Motivieren von \u00e4lteren Menschen<\/h2>\n<p>\u201e<em>Ein stabiler Alltag ist das Beste f\u00fcr \u00e4ltere Menschen\u201c, hebt Dr. Tanzi hervor. \u201eDie betroffene Person braucht einen regelm\u00e4\u00dfigen Lebensrhythmus mit systematischen Besuchen der Angeh\u00f6rigen und der sie pflegenden Personen, denen sie vertraut. Au\u00dferdem sollten die Betroffenen stimuliert werden, kulturelle Hobbies zu pflegen und m\u00f6glichst \u201egeselligen\u201c Freizeitaktivit\u00e4ten nachzugehen.<\/em><\/p>\n<p><em>Wenn m\u00f6glich, ist auch das Zusammensein mit den Familienangeh\u00f6rigen wichtig sowie generell alles, was dazu beitr\u00e4gt, dem t\u00e4glichen Leben einen Sinn zu verleihen.<\/em>\u201c<\/p>\n<h2>Behandlungsm\u00f6glichkeiten bei seniler Depression<\/h2>\n<p>\u201e<em>Um von seniler <strong>Depression zu heilen<\/strong>, ist ein vom Arzt ausgearbeiteter Pflegeplan notwendig, der sowohl die Heimpflege als auch die pharmakologische Behandlung umfasst<\/em>\u201c, schlie\u00dft Dr. Franco Tanzi ab.<\/p>\n<p>Die betroffene Person braucht ein wohlwollendes, aber auch motivierendes Umfeld und bei Bedarf auch psychologische Behandlung und muss regelm\u00e4\u00dfig die vom Arzt verschriebenen Arzneimittel einnehmen.<\/p>\n","protected":false},"excerpt":{"rendered":"<p>Die senile Depression beginnt manchmal still und heimt\u00fcckisch, man k\u00f6nnte fast sagen hinterh\u00e4ltig, und kann mit einfachen Alterserscheinungen verwechselt werden. <\/p>\n","protected":false},"author":1,"featured_media":236561,"comment_status":"open","ping_status":"closed","sticky":false,"template":"","format":"standard","meta":{"_relevanssi_hide_post":"","_relevanssi_hide_content":"","_relevanssi_pin_for_all":"","_relevanssi_pin_keywords":"","_relevanssi_unpin_keywords":"","_relevanssi_related_keywords":"","_relevanssi_related_include_ids":"","_relevanssi_related_exclude_ids":"","_relevanssi_related_no_append":"","_relevanssi_related_not_related":"","_relevanssi_related_posts":"","_relevanssi_noindex_reason":"","inline_featured_image":false,"_mbp_gutenberg_autopost":false,"_pgmb_is_evergreen":true,"_pgmb_ap_template_id":0,"footnotes":""},"categories":[11],"tags":[],"class_list":["post-237446","post","type-post","status-publish","format-standard","has-post-thumbnail","hentry","category-news"],"_links":{"self":[{"href":"https:\/\/beecare.ch\/de\/wp-json\/wp\/v2\/posts\/237446","targetHints":{"allow":["GET"]}}],"collection":[{"href":"https:\/\/beecare.ch\/de\/wp-json\/wp\/v2\/posts"}],"about":[{"href":"https:\/\/beecare.ch\/de\/wp-json\/wp\/v2\/types\/post"}],"author":[{"embeddable":true,"href":"https:\/\/beecare.ch\/de\/wp-json\/wp\/v2\/users\/1"}],"replies":[{"embeddable":true,"href":"https:\/\/beecare.ch\/de\/wp-json\/wp\/v2\/comments?post=237446"}],"version-history":[{"count":0,"href":"https:\/\/beecare.ch\/de\/wp-json\/wp\/v2\/posts\/237446\/revisions"}],"wp:featuredmedia":[{"embeddable":true,"href":"https:\/\/beecare.ch\/de\/wp-json\/wp\/v2\/media\/236561"}],"wp:attachment":[{"href":"https:\/\/beecare.ch\/de\/wp-json\/wp\/v2\/media?parent=237446"}],"wp:term":[{"taxonomy":"category","embeddable":true,"href":"https:\/\/beecare.ch\/de\/wp-json\/wp\/v2\/categories?post=237446"},{"taxonomy":"post_tag","embeddable":true,"href":"https:\/\/beecare.ch\/de\/wp-json\/wp\/v2\/tags?post=237446"}],"curies":[{"name":"wp","href":"https:\/\/api.w.org\/{rel}","templated":true}]}}