{"id":237731,"date":"2020-03-23T09:06:16","date_gmt":"2020-03-23T07:06:16","guid":{"rendered":"https:\/\/beecare.ch\/news\/allergia-stagionale-consigli-e-metodi-per-combatterla\/"},"modified":"2023-05-08T16:00:19","modified_gmt":"2023-05-08T14:00:19","slug":"saisonale-allergie-ratschlage-und-tipps","status":"publish","type":"post","link":"https:\/\/beecare.ch\/de\/news\/saisonale-allergie-ratschlage-und-tipps\/","title":{"rendered":"Saisonale Allergie: Ratschl\u00e4ge und Tipps"},"content":{"rendered":"<\/p>\n<p>Fr\u00fchling und Pollen: der Startschuss f\u00fcr die saisonale Allergie, ein weit verbreitetes Ph\u00e4nomen.<\/p>\n<p>\u201e<em>Leider steigt die Zahl der Personen mit Symptomen der saisonalen Allergie, und der Klimawandel f\u00fchrt unter anderem dazu, dass sich der Zeitraum, in dem Allergien auftreten, immer weiter verl\u00e4ngert.<\/em>\u201c<\/p>\n<p>So der Kommentar von <strong>Dr. Med. Jean Pierre Lantin<\/strong>, <strong>Facharzt f\u00fcr Allergologie<\/strong> und klinische Immunologie in der <strong>Klinik Moncucco in Lugano<\/strong>. Wir haben mit dem Arzt aus Lugano gesprochen, um das Ph\u00e4nomen der saisonalen Allergien besser zu verstehen und uns Ratschl\u00e4ge f\u00fcr Ma\u00dfnahmen geben zu lassen, die all diejenigen, die an Allergien leiden, gegen die Symptome ergreifen k\u00f6nnen.<\/p>\n<h2>Ursache f\u00fcr die saisonale Allergie: Pollen<\/h2>\n<p>\u201e<em>W\u00e4hrend der Pollensaison gibt jede Pflanze die f\u00fcr sie typischen Pollen frei, die Entz\u00fcndungen der Augen und der Nase sowie Asthma hervorrufen k\u00f6nnen. Menschen, die unter saisonaler Allergie leiden, haben immer zur gleichen Jahreszeit Beschwerden<\/em>\u201c, so <strong>Dr. Jean Pierre Lantin<\/strong>.<\/p>\n<p>Er erl\u00e4utert auch die wichtigsten Pollenarten und in welchen Zeitr\u00e4umen sie vermehrt vorkommen.<\/p>\n<p>\u201e<em>Pollen des Haselstrauchs fliegen von Ende Dezember bis Anfang M\u00e4rz und Pollen der Erle in den Monaten Februar und M\u00e4rz. Ebenfalls im M\u00e4rz folgen Eschenpollen und im M\u00e4rz\/April dann Birkenpollen, die normalerweise sehr starke allergische Beschwerden hervorrufen.<\/em>\u201c<\/p>\n<p>Aufgrund des Klimawandels ist der Pollenflug dieses Jahr um zwei\/drei Wochen fr\u00fcher eingetreten, wie Dr. Lantin erl\u00e4utert:<\/p>\n<p>\u201e<em>Seit ein paar Jahren dauert der Graspollenflug jedes Jahr etwas l\u00e4nger. Es gibt Patienten, die bis zu sechs Monate Allergiesymptome aufweisen. Inzwischen reicht der Zeitraum der Graspollen von Mitte April bis Oktober.<\/em>\u201c<\/p>\n<p>Nicht nur Pollen, sondern auch Schimmel kann saisonale Allergie verursachen.<\/p>\n<p>\u201e<em>Einige Schimmelarten setzen Sporen in die Luft frei, die allergische <strong>Symptome<\/strong> hervorrufen, und das insbesondere im Sommer und im Herbst, den feuchteren und regenreicheren Jahreszeiten\u201c, so der Facharzt der Klinik in Lugano weiter. \u201eDie beiden wichtigsten Schimmelarten sind Alternaria, die die Pflanzen im Herbst bef\u00e4llt und zersetzen, und Cladosporium, eine Gattung von Schimmelpilzen, die im Herbst auftritt und bis Anfang Dezember Sporen freigibt.<\/em>\u201c<\/p>\n<h2>Die Symptome<\/h2>\n<p>\u201e<em>Die Symptome der saisonalen Allergie betreffen vor allem Augen, Nase und Bronchien&#187;<\/em>.<\/p>\n<ul>\n<li>Darunter Reizung und R\u00f6tung der Augen, die allergische Bindehautentz\u00fcndung.<\/li>\n<li>Oder Allergische Rhinitis mit Erk\u00e4ltung, juckender und laufender Nase und n\u00e4chtlichen Atembeschwerden aufgrund einer verstopften Nase.<\/li>\n<li>Auch Asthma ist ein weiteres Symptom, das Atembeschwerden, Husten und pfeifende Atmung, insbesondere bei k\u00f6rperlicher Anstrengung mit sich bringt.<\/li>\n<li>Au\u00dferdem ist Juckreiz in Hals und Ohren ein typisches Anzeichen f\u00fcr saisonale Allergie. Einige Menschen leiden auch unter Juckreiz der Haut.<\/li>\n<\/ul>\n<p>Wie kann man durch eine Allergie hervorgerufene Symptome von solchen mit anderer Ursache unterscheiden?<\/p>\n<p>Die Symptome der saisonalen Allergie kehren jedes Jahr im gleichen Zeitraum zur\u00fcck. Eine durch ein Virus ausgel\u00f6ste Erk\u00e4ltung verl\u00e4uft dagegen linear: Sie entwickelt sich, kommt zu ihrem H\u00f6hepunkt und verschwindet dann.<\/p>\n<p>Ein durch eine Allergie ausgel\u00f6ste Erk\u00e4ltung dagegen schwankt stark zwischen akuten Beschwerden und ruhigeren Phasen.<\/p>\n<h2>Behandlung mit Medikamenten und nat\u00fcrlichen Mitteln<\/h2>\n<p>Mit ein paar sehr einfachen Ma\u00dfnahmen lassen sich die Auswirkungen von Pollen auf Allergiker mindern, erkl\u00e4rt <strong>Dr. Jean Pierre Lantin<\/strong>:<\/p>\n<ul>\n<li>Es ist hilfreich, die Exposition gegen\u00fcber Pollen zu reduzieren, indem man drau\u00dfen eine Sonnenbrille tr\u00e4gt. Au\u00dferdem hilft es, sich oft die Haare zu waschen, da sich die Pollen leicht darin verfangen.<\/li>\n<li>N\u00fctzlich ist es auch, die Fenster zu Hause und im Auto geschlossen zu lassen. Joggern und allen, die drau\u00dfen sportlich aktiv sind, wird empfohlen, dies am sp\u00e4ten Vormittag zu tun, da die Pflanzen ihre Pollen fr\u00fch am Morgen freigeben, die dann mit der W\u00e4rme in gr\u00f6\u00dfere H\u00f6hen aufsteigen und abends wieder in Richtung Boden sinken.<\/li>\n<li>W\u00e4sche sollte nicht drau\u00dfen zum Trocknen aufgeh\u00e4ngt werden, um die Kontamination mit Pollen zu vermeiden. Sie sollten besser im Trockner getrocknet oder in Innenbereichen aufgeh\u00e4ngt werden.<\/li>\n<\/ul>\n<p>Neben diesen praktischen Tipps erl\u00e4utert der <strong>Arzt aus Lugano<\/strong> auch die pharmakologische Therapie, die nach einer entsprechenden<\/p>\n<p>Untersuchung durch einen Facharzt zu befolgen ist.<\/p>\n<p>\u201e<em>Die Grundlage der Arzneimittel gegen saisonale Allergie sind Antihistaminika. Sie mindern die Beschwerden, wirken aber nicht bei Asthma. F\u00fcr die Augen werden Augentropfen, f\u00fcr die Nase ein Spray auf Cortisonbasis und bei Asthma Medikamente mit einem geringen Anteil von Cortison und Bronchodilatator verwendet.<\/em>\u201c<\/p>\n<h2>Impfstoffe (Desensibilisierung)<\/h2>\n<p>\u201e<em>Impfstoffe dienen der Vorsorge, um die Beschwerden f\u00fcr die Betroffenen zu reduzieren. Die Impfungen werden im Herbst vorgenommen.\u201c schlie\u00dft Dr. Med. Pierre Lantin ab. <\/em><\/p>\n<p><em>\u201eDabei werden dem Patienten Extrakte der Pollen verabreicht, gegen die er allergisch ist, um das Immunsystem dahin zu bringen, diese Pollen wieder zu tolerieren. Die Behandlung erfolgt \u00fcber drei Jahre und ist aufwendig f\u00fcr den Patienten, dem der Impfstoff \u00fcber subkutane Injektionen oder Tabletten verabreicht wird, die unter der Zunge zergehen gelassen werden.<\/em>\u201c<\/p>\n","protected":false},"excerpt":{"rendered":"<p>Fr\u00fchling und Pollen: der Startschuss f\u00fcr die saisonale Allergie, ein weit verbreitetes Ph\u00e4nomen.<\/p>\n","protected":false},"author":1,"featured_media":237374,"comment_status":"open","ping_status":"closed","sticky":false,"template":"","format":"standard","meta":{"_relevanssi_hide_post":"","_relevanssi_hide_content":"","_relevanssi_pin_for_all":"","_relevanssi_pin_keywords":"","_relevanssi_unpin_keywords":"","_relevanssi_related_keywords":"","_relevanssi_related_include_ids":"","_relevanssi_related_exclude_ids":"","_relevanssi_related_no_append":"","_relevanssi_related_not_related":"","_relevanssi_related_posts":"","_relevanssi_noindex_reason":"","inline_featured_image":false,"_mbp_gutenberg_autopost":false,"_pgmb_is_evergreen":true,"_pgmb_ap_template_id":0,"footnotes":""},"categories":[11],"tags":[],"class_list":["post-237731","post","type-post","status-publish","format-standard","has-post-thumbnail","hentry","category-news"],"_links":{"self":[{"href":"https:\/\/beecare.ch\/de\/wp-json\/wp\/v2\/posts\/237731","targetHints":{"allow":["GET"]}}],"collection":[{"href":"https:\/\/beecare.ch\/de\/wp-json\/wp\/v2\/posts"}],"about":[{"href":"https:\/\/beecare.ch\/de\/wp-json\/wp\/v2\/types\/post"}],"author":[{"embeddable":true,"href":"https:\/\/beecare.ch\/de\/wp-json\/wp\/v2\/users\/1"}],"replies":[{"embeddable":true,"href":"https:\/\/beecare.ch\/de\/wp-json\/wp\/v2\/comments?post=237731"}],"version-history":[{"count":0,"href":"https:\/\/beecare.ch\/de\/wp-json\/wp\/v2\/posts\/237731\/revisions"}],"wp:featuredmedia":[{"embeddable":true,"href":"https:\/\/beecare.ch\/de\/wp-json\/wp\/v2\/media\/237374"}],"wp:attachment":[{"href":"https:\/\/beecare.ch\/de\/wp-json\/wp\/v2\/media?parent=237731"}],"wp:term":[{"taxonomy":"category","embeddable":true,"href":"https:\/\/beecare.ch\/de\/wp-json\/wp\/v2\/categories?post=237731"},{"taxonomy":"post_tag","embeddable":true,"href":"https:\/\/beecare.ch\/de\/wp-json\/wp\/v2\/tags?post=237731"}],"curies":[{"name":"wp","href":"https:\/\/api.w.org\/{rel}","templated":true}]}}