{"id":239013,"date":"2020-11-06T14:55:33","date_gmt":"2020-11-06T12:55:33","guid":{"rendered":"https:\/\/beecare.ch\/?p=239013"},"modified":"2023-05-08T16:00:17","modified_gmt":"2023-05-08T14:00:17","slug":"covid-19-im-tessin-so-vermeiden-wir-alle-risiken-fur-altere-menschen","status":"publish","type":"post","link":"https:\/\/beecare.ch\/de\/news\/covid-19-im-tessin-so-vermeiden-wir-alle-risiken-fur-altere-menschen\/","title":{"rendered":"Covid-19 im Tessin: So vermeiden wir alle Risiken f\u00fcr \u00e4ltere Menschen"},"content":{"rendered":"<p>In den letzten Tagen hat die Kantonsregierung eine Bestandsaufnahme der Situation und der Entwicklung der Epidemie in unserem Kanton gemacht. \u201e<strong>Die richtigen Entscheidungen sch\u00fctzen uns\u201c<\/strong>, so die Botschaft der Tessiner Regierung an die Bev\u00f6lkerung.<\/p>\n<p>Zweifellos sind die \u00e4lteren Menschen diejenigen, die einem gr\u00f6\u00dferen Risiko ausgesetzt sind. Es ist von gr\u00f6\u00dfter Bedeutung, sie im Alltag zu unterst\u00fctzen, und das auch \u00fcber gezielte Projekte. Dank des Engagements von Freiwilligen verschiedener Gemeinden stehen wir als Einrichtung zur Verf\u00fcgung, \u00e4lteren Menschen <strong>Lebensmittel und Arzneimittel nach Hause zu bringen<\/strong>.<\/p>\n<p>Viele Gemeinden des <strong>Kantons Tessin<\/strong> bieten in Zusammenarbeit mit verschiedenen Freiwilligenverb\u00e4nden Unterst\u00fctzung und Hilfe f\u00fcr Senioren und Personen, die sich in Schwierigkeiten befinden und sich aufgrund der Einschr\u00e4nkungen in Isolation zu Hause befinden.  Es gibt viele M\u00f6glichkeiten, diesen Personen zu helfen \u2013 beispielsweise den Einkauf f\u00fcr sie erledigen und nach Hause bringen oder sie ins Krankenhaus oder zum Arzt begleiten. Oder Personen mit besonderen Krankheiten Arzneimittel nach Hause bringen. Oder mit ihren Hunden spazieren gehen oder sich um den M\u00fcll k\u00fcmmern.<\/p>\n<p>Eine solche Hilfe kann den Unterschied bei der Vorbeugung und dem Schutz der <a href=\"https:\/\/beecare.ch\/de\/unsere-leistungen\/\" target=\"_blank\" rel=\"noopener noreferrer\"><strong>Gesundheit der \u00e4lteren Menschen<\/strong><\/a> ausmachen.<\/p>\n<h2>Covid-19 Anweisungen: psychologische Hilfe f\u00fcr \u00e4ltere Menschen<\/h2>\n<p>Menschen im Alter ab 65 Jahren sind den Risiken des Virus und somit gesundheitlichen Problemen und Komplikationen st\u00e4rker ausgesetzt, die ihr Leben ernsthaft gef\u00e4hrden k\u00f6nnen.<\/p>\n<p>Das Bundesamt f\u00fcr Gesundheit hat die folgenden Anweisungen gegeben:<\/p>\n<ul>\n<li>\u00dcberf\u00fcllte Orte wie Bahnh\u00f6fe oder \u00f6ffentliche Verkehrsmittel sowie Spitzenzeiten (Pendelverkehr oder der Einkauf am Samstag) sind zu vermeiden.<\/li>\n<li>Nicht unbedingt notwendige Kontakte sind zu vermeiden.<\/li>\n<li>Um sich zum Arzt oder zum Arbeitsplatz zu begeben, sollte m\u00f6glichst das eigene Auto oder das Fahrrad benutzt werden. Wem dies m\u00f6glich ist, sollte <a href=\"https:\/\/beecare.ch\/de\/news\/wohlbefinden-fur-senioren-ubungen-im-fitness-studio-und-fur-zu-hause\/\" target=\"_blank\" rel=\"noopener noreferrer\">zu Fu\u00df gehen<\/a>.<\/li>\n<\/ul>\n<p>Angesichts der wahrscheinlichen Einschr\u00e4nkungen f\u00fcr den Besuch von Alten- und Pflegeheimen, der stark eingeschr\u00e4nkt und streng kontrolliert werden wird, d\u00fcrfen insbesondere die Senioren nicht allein gelassen werden, die am schw\u00e4chsten sind. F\u00fcr sie muss jede Pflege und Behandlung ihrer chronischen Krankheiten garantiert werden. Sie m\u00fcssen gesch\u00fctzt werden, jedoch im Rahmen von Solidarit\u00e4t und t\u00e4glicher Unterst\u00fctzung.<\/p>\n<p>Die Kantone arbeiten bereits an Ma\u00dfnahmen, da zu den Zielen auch die Wahrung des Soziallebens der am meisten gef\u00e4hrdeten Menschen geh\u00f6rt. Vor diesem Hintergrund muss \u00e4lteren Menschen auch <strong>psychologische Unterst\u00fctzung<\/strong> gew\u00e4hrt werden, um ihr pers\u00f6nliches Wohlbefinden zu f\u00f6rdern und trotz der kritischen Situation ihre sozialen Kontakte aufrechtzuerhalten.<\/p>\n<p>Senioren steht eine sofortige psychologische Hilfe unter <strong>0800 144 144<\/strong> zur Verf\u00fcgung (t\u00e4glich von 7:00 bis 22:00).<\/p>\n<p>Wer dies w\u00fcnscht, wird mit Psychologen und Psychiatern des <strong>Tessiner Psychologenverbands (ATP)<\/strong> und der <strong>Tessiner Gesellschaft f\u00fcr Psychiatrie und Psychotherapie (STPP)<\/strong> in Kontakt gesetzt.<\/p>\n<h2>Sch\u00fctzen wir uns, um unsere Senioren keinem Risiko auszusetzen<\/h2>\n<p>Die Priorit\u00e4ten sind stets die gleichen: Einerseits gilt es, die Gesundheit der Tessiner Bev\u00f6lkerung zu sch\u00fctzen, andererseits soll ein neuer Lockdown verhindert werden, der weder auf sozialer noch wirtschaftlicher und menschlicher Ebene vertretbar w\u00e4re.<\/p>\n<p>Die Regierung hat neue Anti-Covid-Bestimmungen herausgegeben, die die Kantonsverwaltung, Schulen und Lokale betreffen:<\/p>\n<ul>\n<li>Inzwischen ist wissenschaftlich nachgewiesen, dass die Schutzmaske die Verbreitung des Virus wirksam verhindert. Vor diesem Hintergrund sollten wir uns alle daran gew\u00f6hnen, sie so oft wie m\u00f6glich und korrekt zu verwenden und dabei Nase und Mund immer korrekt abzudecken.<\/li>\n<li>Das Tragen der Schutzmaske ist in allen Geb\u00e4uden der Kantonsverwaltung obligatorisch. Eine Ausnahme gilt nur f\u00fcr das Personal, dessen Arbeitsplatz durch Trennw\u00e4nde aus Kunststoffglas gesch\u00fctzt ist.<\/li>\n<li>Das Tragen der Schutzmaske ist f\u00fcr das Personal in der Gastronomie sowie in allen \u00f6ffentlichen Einrichtungen obligatorisch. In diesem Fall muss auch ein Register gef\u00fchrt werden, auf dem die Uhrzeit des Betretens und des Verlassens des betreffenden Lokals anzugeben ist.<\/li>\n<li>Das Tragen der Schutzmaske ist au\u00dferdem ab Sekundarstufe II in den Schulen obligatorisch. Dar\u00fcber hinaus ist sie am Arbeitsplatz zu tragen, es sei denn, der notwendige Abstand ist garantiert (wie beispielsweise in Einzelb\u00fcros).<\/li>\n<li>Desweiten besteht Pflicht zum Tragen der Schutzmaske im Umfeld von Veranstaltungen im Freien (wobei Veranstaltungen mit mehr als 50 Personen verboten sind) und generell auf \u00f6ffentlichem Raum, wenn der notwendige Abstand nicht gew\u00e4hrleistet ist.<\/li>\n<li>Diskotheken, Messen und sportliche sowie kulturelle Einrichtungen mit einer Besucherzahl von mehr als 15 Personen bleiben geschlossen.<\/li>\n<\/ul>\n<p>Die Einhaltung dieser Bestimmungen erm\u00f6glicht den Schutz unserer eigenen Gesundheit und vor allem der Gesundheit der am meisten gef\u00e4hrdeten Personen, der \u00e4lteren Generation unserer Bev\u00f6lkerung.<\/p>\n","protected":false},"excerpt":{"rendered":"<p>Was k\u00f6nnen wir konkret tun, um die Schw\u00e4cheren unter uns, vor allem die \u00e4lteren Menschen, vor Covid-19 zu sch\u00fctzen? Welche Vorbeugungsma\u00dfnahmen gibt es und welche Unterst\u00fctzung k\u00f6nnen wir geben, au\u00dfer genau die Hygienevorschriften zu befolgen und Abstand zu halten?<\/p>\n","protected":false},"author":1,"featured_media":238535,"comment_status":"open","ping_status":"closed","sticky":false,"template":"","format":"standard","meta":{"_relevanssi_hide_post":"","_relevanssi_hide_content":"","_relevanssi_pin_for_all":"","_relevanssi_pin_keywords":"","_relevanssi_unpin_keywords":"","_relevanssi_related_keywords":"","_relevanssi_related_include_ids":"","_relevanssi_related_exclude_ids":"","_relevanssi_related_no_append":"","_relevanssi_related_not_related":"","_relevanssi_related_posts":"","_relevanssi_noindex_reason":"","inline_featured_image":false,"_mbp_gutenberg_autopost":false,"_pgmb_is_evergreen":true,"_pgmb_ap_template_id":0,"footnotes":""},"categories":[11],"tags":[],"class_list":["post-239013","post","type-post","status-publish","format-standard","has-post-thumbnail","hentry","category-news"],"_links":{"self":[{"href":"https:\/\/beecare.ch\/de\/wp-json\/wp\/v2\/posts\/239013","targetHints":{"allow":["GET"]}}],"collection":[{"href":"https:\/\/beecare.ch\/de\/wp-json\/wp\/v2\/posts"}],"about":[{"href":"https:\/\/beecare.ch\/de\/wp-json\/wp\/v2\/types\/post"}],"author":[{"embeddable":true,"href":"https:\/\/beecare.ch\/de\/wp-json\/wp\/v2\/users\/1"}],"replies":[{"embeddable":true,"href":"https:\/\/beecare.ch\/de\/wp-json\/wp\/v2\/comments?post=239013"}],"version-history":[{"count":0,"href":"https:\/\/beecare.ch\/de\/wp-json\/wp\/v2\/posts\/239013\/revisions"}],"wp:featuredmedia":[{"embeddable":true,"href":"https:\/\/beecare.ch\/de\/wp-json\/wp\/v2\/media\/238535"}],"wp:attachment":[{"href":"https:\/\/beecare.ch\/de\/wp-json\/wp\/v2\/media?parent=239013"}],"wp:term":[{"taxonomy":"category","embeddable":true,"href":"https:\/\/beecare.ch\/de\/wp-json\/wp\/v2\/categories?post=239013"},{"taxonomy":"post_tag","embeddable":true,"href":"https:\/\/beecare.ch\/de\/wp-json\/wp\/v2\/tags?post=239013"}],"curies":[{"name":"wp","href":"https:\/\/api.w.org\/{rel}","templated":true}]}}