{"id":239169,"date":"2020-07-21T09:55:14","date_gmt":"2020-07-21T07:55:14","guid":{"rendered":"https:\/\/beecare.ch\/?p=239169"},"modified":"2023-05-08T16:00:18","modified_gmt":"2023-05-08T14:00:18","slug":"senioren-und-sommer-vorschlage-fur-die-bewegung-im-freien","status":"publish","type":"post","link":"https:\/\/beecare.ch\/de\/news\/senioren-und-sommer-vorschlage-fur-die-bewegung-im-freien\/","title":{"rendered":"Senioren und Sommer: Vorschl\u00e4ge f\u00fcr die Bewegung im Freien"},"content":{"rendered":"<p>Senioren, die ihren Sommer im Tessin verbringen m\u00f6chten, k\u00f6nnen von den Initiativen von <strong>Pro Senectute<\/strong>, einer in der ganzen Schweiz aktiven Stiftung, f\u00fcr die \u00e4ltere Bev\u00f6lkerung profitieren.<\/p>\n<p>Die Initiativen f\u00fcr unseren Kanton umfassen verschiedene sportliche Aktivit\u00e4ten im Freien, f\u00fcr Gruppen mit maximal 14 Personen. Die Initiativen finden in Bellinzona, Lugano, Agno, Morbio, Mendrisio, Locarno und an vielen anderen Orten statt. <strong>Laura Tarchini<\/strong>, Leiterin f\u00fcr Kommunikation und Marketing bei <strong>Pro Senectute<\/strong>, erl\u00e4utert uns das Programm f\u00fcr den Sommer 2020.<\/p>\n<h2>Gymnastik, Tanz und Nordic Walking<\/h2>\n<p>\u201e<em>Die sommerlichen Aktivit\u00e4ten f\u00fcr Senioren, die von <\/em><strong><em>Pro Senectute<\/em><\/strong><em> organisiert werden, dienen der Beibehaltung der Selbstst\u00e4ndigkeit der Personen, der Konsolidierung des sozialen Netzes und der Vorbeugung von Unf\u00e4llen. Alle Aktivit\u00e4ten eignen sich f\u00fcr die Durchf\u00fchrung im Freien, auf \u00f6ffentlichem Raum.<\/em><\/p>\n<p><em>F\u00fcr das Jahr 2020 beispielsweise hatten wir uns f\u00fcr Gymnastik, <\/em><a href=\"https:\/\/beecare.ch\/de\/news\/sportliche-tatigkeiten-fur-altere-menschen-im-fruhling\/\" target=\"_blank\" rel=\"noopener\">Nordic Walking<\/a><em> und Tanz entschieden<\/em>\u201c, erl\u00e4utert <strong>Laura Tarchini<\/strong>.<\/p>\n<p><strong>Haben alle Zugang zu den Kursen oder gibt es bestimmte Voraussetzungen?<\/strong><\/p>\n<p><em>\u201eDie Voraussetzungen sind eine gute Beweglichkeit und Interesse, an Gruppenaktivit\u00e4ten unter Anleitung einer qualifizierten Aufseherin oder eines qualifizierten Aufsehers teilzunehmen.<\/em><strong> <\/strong><\/p>\n<p><strong>Gymnastik im Freien, Nordic Walking und Tanz sind auf unterschiedlichen Stufen m\u00f6glich. Wie werden diese Aktivit\u00e4ten auf die Anforderungen und Bed\u00fcrfnisse von \u00e4lteren Menschen zugeschnitten?<\/strong><\/p>\n<p><em>\u201eAlle Aufseher\/innen besitzen eine von uns organisierte spezielle ESA-Schulung (f\u00fcr Erwachsenensport), mit Schwerpunkt auf Aktivit\u00e4ten f\u00fcr \u00e4ltere Menschen. S\u00e4mtliche Aktivit\u00e4ten sind daher f\u00fcr das spezielle Publikum unserer Kurse geeignet<\/em>.\u201c<\/p>\n<h2>Aktivit\u00e4ten im Freien und Corona-Schutzmassnahmen<\/h2>\n<p>\u201e<em>Bei allen Aktivit\u00e4ten wird der Abstand von 2 Metern eingehalten und H\u00e4ndesch\u00fctteln wird strikt vermieden<\/em>\u201c, f\u00e4hrt die Leiterin f\u00fcr Kommunikation und Marketing von Pro Senectute fort.<\/p>\n<p>\u201e<em>Die Aufseher organisieren eine Aktivit\u00e4t, die sich f\u00fcr die Gruppe eignet, und im Falle des Nordic Walking eine geeignete Wanderstrecke an einem passenden Ort, vorzugsweise in einer flachen Gegend, mit Schatten und stabilem Untergrund ohne Steine. <\/em><\/p>\n<p><em>Dar\u00fcber hinaus stellen sie sicher, dass s\u00e4mtliche Schutzmassnahmen geachtet werden, und weisen die Teilnehmer darauf hin, wenn eine Aktivit\u00e4t f\u00fcr einzelne Personen nicht geeignet sein sollte.<\/em><\/p>\n<p><em>Wenn die Teilnehmer die Regeln nicht einhalten, k\u00f6nnen die Aufseher eine Anmeldung f\u00fcr den Kurs oder die Fortsetzung der Aktivit\u00e4t verweigern<\/em>.\u201c<strong> <\/strong><\/p>\n<p><strong>Anmeldung f\u00fcr die Seniorenkurse im Sommer 2020<\/strong><\/p>\n<p>\u201e<em>Aus organisatorischen Gr\u00fcnden muss die Dokumentation angefordert werden, die auch die Empfehlungen f\u00fcr die Durchf\u00fchrung der Aktivit\u00e4ten umfasst, um alle Informationen \u00fcber die Schutzmassnahmen aufzunehmen. Da die Gruppen auf 14 Teilnehmer begrenzt sind, sind alle Interessenten gebeten, sich an die Telefonnummer +41 091\/912.17.17 zu wenden oder eine E-Mail an <\/em><a href=\"mailto:creativ.center@prosenectute.org\">creativ.center@prosenectute.org<\/a><em> zu senden, um sich f\u00fcr einen Kurs anzumelden.<\/em><\/p>\n<p><em>Die Brosch\u00fcre mit allen Gruppen steht auf der Webseite von Pro Senectute zur Verf\u00fcgung.<\/em>\u201c,<\/p>\n<p>schliesst Laura Tarchini, Leiterin f\u00fcr Kommunikation und Marketing bei Pro Senectute, ab.<\/p>\n","protected":false},"excerpt":{"rendered":"<p>Senioren, die ihren Sommer im Tessin verbringen m\u00f6chten, k\u00f6nnen von den Initiativen von Pro Senectute, einer in der ganzen Schweiz aktiven Stiftung, f\u00fcr die \u00e4ltere Bev\u00f6lkerung profitieren.  <\/p>\n","protected":false},"author":1,"featured_media":238153,"comment_status":"open","ping_status":"closed","sticky":false,"template":"","format":"standard","meta":{"_relevanssi_hide_post":"","_relevanssi_hide_content":"","_relevanssi_pin_for_all":"","_relevanssi_pin_keywords":"","_relevanssi_unpin_keywords":"","_relevanssi_related_keywords":"","_relevanssi_related_include_ids":"","_relevanssi_related_exclude_ids":"","_relevanssi_related_no_append":"","_relevanssi_related_not_related":"","_relevanssi_related_posts":"","_relevanssi_noindex_reason":"","inline_featured_image":false,"_mbp_gutenberg_autopost":false,"_pgmb_is_evergreen":true,"_pgmb_ap_template_id":0,"footnotes":""},"categories":[11],"tags":[],"class_list":["post-239169","post","type-post","status-publish","format-standard","has-post-thumbnail","hentry","category-news"],"_links":{"self":[{"href":"https:\/\/beecare.ch\/de\/wp-json\/wp\/v2\/posts\/239169","targetHints":{"allow":["GET"]}}],"collection":[{"href":"https:\/\/beecare.ch\/de\/wp-json\/wp\/v2\/posts"}],"about":[{"href":"https:\/\/beecare.ch\/de\/wp-json\/wp\/v2\/types\/post"}],"author":[{"embeddable":true,"href":"https:\/\/beecare.ch\/de\/wp-json\/wp\/v2\/users\/1"}],"replies":[{"embeddable":true,"href":"https:\/\/beecare.ch\/de\/wp-json\/wp\/v2\/comments?post=239169"}],"version-history":[{"count":0,"href":"https:\/\/beecare.ch\/de\/wp-json\/wp\/v2\/posts\/239169\/revisions"}],"wp:featuredmedia":[{"embeddable":true,"href":"https:\/\/beecare.ch\/de\/wp-json\/wp\/v2\/media\/238153"}],"wp:attachment":[{"href":"https:\/\/beecare.ch\/de\/wp-json\/wp\/v2\/media?parent=239169"}],"wp:term":[{"taxonomy":"category","embeddable":true,"href":"https:\/\/beecare.ch\/de\/wp-json\/wp\/v2\/categories?post=239169"},{"taxonomy":"post_tag","embeddable":true,"href":"https:\/\/beecare.ch\/de\/wp-json\/wp\/v2\/tags?post=239169"}],"curies":[{"name":"wp","href":"https:\/\/api.w.org\/{rel}","templated":true}]}}